{"id":7957,"date":"2018-10-15T16:04:33","date_gmt":"2018-10-15T15:04:33","guid":{"rendered":"https:\/\/www.ulsguarda.min-saude.pt\/?p=7957"},"modified":"2018-10-15T16:05:02","modified_gmt":"2018-10-15T15:05:02","slug":"medico-da-guarda-participa-no-primeiro-livro-em-portugues-sobre-patologia-da-coluna","status":"publish","type":"post","link":"https:\/\/portaisuls-qua.azurewebsites.net\/ulsg\/noticias\/medico-da-guarda-participa-no-primeiro-livro-em-portugues-sobre-patologia-da-coluna\/","title":{"rendered":"M\u00e9dico da Guarda participa no primeiro livro em portugu\u00eas sobre patologia da coluna"},"content":{"rendered":"<p>J\u00e1 foi apresentado publicamente o primeiro livro escrito em portugu\u00eas sobre a patologia da coluna. <!--more-->\u201cPatologia Degenerativa da Coluna Vertebral\u201d \u00e9 uma obra com coordena\u00e7\u00e3o de Lu\u00eds Teixeira (M\u00e9dico especialista em Ortopedia e Traumatologia; Diretor-Geral do Spine Center \u2013 Cirurgia da Coluna, Hospital da Luz, Coimbra) e Bruno Maia (M\u00e9dico interno Complementar de Ortopedia na Unidade Local de Sa\u00fade da Guarda; Colaborador do Spine Center \u2013 Cirurgia da Coluna, Hospital da Luz, Coimbra).<\/p>\n","protected":false},"excerpt":{"rendered":"<p>J\u00e1 foi apresentado publicamente o primeiro livro escrito em portugu\u00eas sobre a patologia da coluna.<\/p>\n","protected":false},"author":46,"featured_media":7958,"comment_status":"closed","ping_status":"open","sticky":false,"template":"","format":"standard","meta":{"footnotes":""},"categories":[8],"tags":[],"class_list":["post-7957","post","type-post","status-publish","format-standard","has-post-thumbnail","hentry","category-noticias"],"_links":{"self":[{"href":"https:\/\/portaisuls-qua.azurewebsites.net\/ulsg\/wp-json\/wp\/v2\/posts\/7957","targetHints":{"allow":["GET"]}}],"collection":[{"href":"https:\/\/portaisuls-qua.azurewebsites.net\/ulsg\/wp-json\/wp\/v2\/posts"}],"about":[{"href":"https:\/\/portaisuls-qua.azurewebsites.net\/ulsg\/wp-json\/wp\/v2\/types\/post"}],"author":[{"embeddable":true,"href":"https:\/\/portaisuls-qua.azurewebsites.net\/ulsg\/wp-json\/wp\/v2\/users\/46"}],"replies":[{"embeddable":true,"href":"https:\/\/portaisuls-qua.azurewebsites.net\/ulsg\/wp-json\/wp\/v2\/comments?post=7957"}],"version-history":[{"count":2,"href":"https:\/\/portaisuls-qua.azurewebsites.net\/ulsg\/wp-json\/wp\/v2\/posts\/7957\/revisions"}],"predecessor-version":[{"id":7962,"href":"https:\/\/portaisuls-qua.azurewebsites.net\/ulsg\/wp-json\/wp\/v2\/posts\/7957\/revisions\/7962"}],"wp:featuredmedia":[{"embeddable":true,"href":"https:\/\/portaisuls-qua.azurewebsites.net\/ulsg\/wp-json\/wp\/v2\/media\/7958"}],"wp:attachment":[{"href":"https:\/\/portaisuls-qua.azurewebsites.net\/ulsg\/wp-json\/wp\/v2\/media?parent=7957"}],"wp:term":[{"taxonomy":"category","embeddable":true,"href":"https:\/\/portaisuls-qua.azurewebsites.net\/ulsg\/wp-json\/wp\/v2\/categories?post=7957"},{"taxonomy":"post_tag","embeddable":true,"href":"https:\/\/portaisuls-qua.azurewebsites.net\/ulsg\/wp-json\/wp\/v2\/tags?post=7957"}],"curies":[{"name":"wp","href":"https:\/\/api.w.org\/{rel}","templated":true}]}}